{"id":99603,"count":153,"description":"<p>Les appliques d'ext\u00e9rieur de la marque barcelonaise Faro sont des appliques adapt\u00e9es \u00e0 tous les types d'utilisation. Cependant, leur protection \u00e9lev\u00e9e contre la poussi\u00e8re et l'humidit\u00e9 (ip44 ou sup\u00e9rieure) les rend particuli\u00e8rement adapt\u00e9es \u00e0 un usage ext\u00e9rieur, que ce soit comme \u00e9clairage d\u00e9coratif sur la fa\u00e7ade principale ou pour \u00e9clairer une terrasse, un porche ou une porte d'entr\u00e9e.<\/p>","link":"https:\/\/ledsolintel.com\/fr\/categorie-de-produits\/leclairage-des-jardins-et-des-exterieurs\/appliques-dexterieur\/","name":"Appliques d'ext\u00e9rieur","slug":"appliques-dexterieur","taxonomy":"product_cat","parent":99575,"meta":[],"menu_order":0,"yoast_head":"<!-- This site is optimized with the Yoast SEO plugin v27.4 - https:\/\/yoast.com\/product\/yoast-seo-wordpress\/ -->\n<title>Apliques para exterior<\/title>\n<meta name=\"description\" content=\"Los apliques de exterior de la marca barcelonesa Faro son l\u00e1mparas de pared aptas para todo tipo de uso, pero adaptadas especialmente para exteriores.\" \/>\n<meta name=\"robots\" content=\"index, follow, max-snippet:-1, max-image-preview:large, max-video-preview:-1\" \/>\n<link rel=\"canonical\" href=\"https:\/\/ledsolintel.com\/fr\/categorie-de-produits\/leclairage-des-jardins-et-des-exterieurs\/appliques-dexterieur\/\" \/>\n<meta property=\"og:locale\" content=\"fr_FR\" \/>\n<meta property=\"og:type\" content=\"article\" \/>\n<meta property=\"og:title\" content=\"Apliques para exterior\" \/>\n<meta property=\"og:description\" content=\"Los apliques de exterior de la marca barcelonesa Faro son l\u00e1mparas de pared aptas para todo tipo de uso, pero adaptadas especialmente para exteriores.\" \/>\n<meta property=\"og:url\" content=\"https:\/\/ledsolintel.com\/fr\/categorie-de-produits\/leclairage-des-jardins-et-des-exterieurs\/appliques-dexterieur\/\" \/>\n<meta property=\"og:site_name\" content=\"Ledsolintel\" \/>\n<meta name=\"twitter:card\" content=\"summary_large_image\" \/>\n<meta name=\"twitter:site\" content=\"@webmenaje\" \/>\n<script type=\"application\/ld+json\" class=\"yoast-schema-graph\">{\"@context\":\"https:\\\/\\\/schema.org\",\"@graph\":[{\"@type\":\"CollectionPage\",\"@id\":\"https:\\\/\\\/ledsolintel.com\\\/product-category\\\/iluminacion-para-jardines-y-exteriores\\\/apliques-para-exterior\\\/\",\"url\":\"https:\\\/\\\/ledsolintel.com\\\/product-category\\\/iluminacion-para-jardines-y-exteriores\\\/apliques-para-exterior\\\/\",\"name\":\"Apliques para exterior\",\"isPartOf\":{\"@id\":\"https:\\\/\\\/ledsolintel.com\\\/#website\"},\"description\":\"Los apliques de exterior de la marca barcelonesa Faro son l\u00e1mparas de pared aptas para todo tipo de uso, pero adaptadas especialmente para exteriores.\",\"breadcrumb\":{\"@id\":\"https:\\\/\\\/ledsolintel.com\\\/product-category\\\/iluminacion-para-jardines-y-exteriores\\\/apliques-para-exterior\\\/#breadcrumb\"},\"inLanguage\":\"fr-FR\"},{\"@type\":\"BreadcrumbList\",\"@id\":\"https:\\\/\\\/ledsolintel.com\\\/product-category\\\/iluminacion-para-jardines-y-exteriores\\\/apliques-para-exterior\\\/#breadcrumb\",\"itemListElement\":[{\"@type\":\"ListItem\",\"position\":1,\"name\":\"Portada\",\"item\":\"https:\\\/\\\/ledsolintel.com\\\/fr\\\/\"},{\"@type\":\"ListItem\",\"position\":2,\"name\":\"Iluminaci\u00f3n exterior\",\"item\":\"https:\\\/\\\/ledsolintel.com\\\/fr\\\/product-category\\\/iluminacion-para-jardines-y-exteriores\\\/\"},{\"@type\":\"ListItem\",\"position\":3,\"name\":\"Apliques para exterior\"}]},{\"@type\":\"WebSite\",\"@id\":\"https:\\\/\\\/ledsolintel.com\\\/#website\",\"url\":\"https:\\\/\\\/ledsolintel.com\\\/\",\"name\":\"Webmenaje\",\"description\":\"Tienda de bombillas y l\u00e1mparas LED para profesionales\",\"publisher\":{\"@id\":\"https:\\\/\\\/ledsolintel.com\\\/#organization\"},\"potentialAction\":[{\"@type\":\"SearchAction\",\"target\":{\"@type\":\"EntryPoint\",\"urlTemplate\":\"https:\\\/\\\/ledsolintel.com\\\/?s={search_term_string}\"},\"query-input\":{\"@type\":\"PropertyValueSpecification\",\"valueRequired\":true,\"valueName\":\"search_term_string\"}}],\"inLanguage\":\"fr-FR\"},{\"@type\":\"Organization\",\"@id\":\"https:\\\/\\\/ledsolintel.com\\\/#organization\",\"name\":\"Solintel Noroeste, S.L.\",\"url\":\"https:\\\/\\\/ledsolintel.com\\\/\",\"logo\":{\"@type\":\"ImageObject\",\"inLanguage\":\"fr-FR\",\"@id\":\"https:\\\/\\\/ledsolintel.com\\\/#\\\/schema\\\/logo\\\/image\\\/\",\"url\":\"https:\\\/\\\/ledsolintel.com\\\/wp-content\\\/uploads\\\/2024\\\/11\\\/webmenaje-logo-1508269066.jpg\",\"contentUrl\":\"https:\\\/\\\/ledsolintel.com\\\/wp-content\\\/uploads\\\/2024\\\/11\\\/webmenaje-logo-1508269066.jpg\",\"width\":370,\"height\":90,\"caption\":\"Solintel Noroeste, S.L.\"},\"image\":{\"@id\":\"https:\\\/\\\/ledsolintel.com\\\/#\\\/schema\\\/logo\\\/image\\\/\"},\"sameAs\":[\"http:\\\/\\\/www.facebook.com\\\/webmenaje\",\"https:\\\/\\\/x.com\\\/webmenaje\",\"https:\\\/\\\/www.youtube.com\\\/channel\\\/UCX2KoVoeCG4LocZjUc6LmSQ\",\"http:\\\/\\\/www.pinterest.com\\\/webmenaje\"]}]}<\/script>\n<!-- \/ Yoast SEO plugin. -->","yoast_head_json":{"title":"Appliques d'ext\u00e9rieur","description":"Les appliques d'ext\u00e9rieur de la marque barcelonaise Faro sont des appliques qui conviennent \u00e0 tous les types d'utilisation, mais qui sont particuli\u00e8rement adapt\u00e9es \u00e0 l'ext\u00e9rieur.","robots":{"index":"index","follow":"follow","max-snippet":"max-snippet:-1","max-image-preview":"max-image-preview:large","max-video-preview":"max-video-preview:-1"},"canonical":"https:\/\/ledsolintel.com\/fr\/categorie-de-produits\/leclairage-des-jardins-et-des-exterieurs\/appliques-dexterieur\/","og_locale":"fr_FR","og_type":"article","og_title":"Apliques para exterior","og_description":"Los apliques de exterior de la marca barcelonesa Faro son l\u00e1mparas de pared aptas para todo tipo de uso, pero adaptadas especialmente para exteriores.","og_url":"https:\/\/ledsolintel.com\/fr\/categorie-de-produits\/leclairage-des-jardins-et-des-exterieurs\/appliques-dexterieur\/","og_site_name":"Ledsolintel","twitter_card":"summary_large_image","twitter_site":"@webmenaje","schema":{"@context":"https:\/\/schema.org","@graph":[{"@type":"CollectionPage","@id":"https:\/\/ledsolintel.com\/product-category\/iluminacion-para-jardines-y-exteriores\/apliques-para-exterior\/","url":"https:\/\/ledsolintel.com\/product-category\/iluminacion-para-jardines-y-exteriores\/apliques-para-exterior\/","name":"Appliques d'ext\u00e9rieur","isPartOf":{"@id":"https:\/\/ledsolintel.com\/#website"},"description":"Les appliques d'ext\u00e9rieur de la marque barcelonaise Faro sont des appliques qui conviennent \u00e0 tous les types d'utilisation, mais qui sont particuli\u00e8rement adapt\u00e9es \u00e0 l'ext\u00e9rieur.","breadcrumb":{"@id":"https:\/\/ledsolintel.com\/product-category\/iluminacion-para-jardines-y-exteriores\/apliques-para-exterior\/#breadcrumb"},"inLanguage":"fr-FR"},{"@type":"BreadcrumbList","@id":"https:\/\/ledsolintel.com\/product-category\/iluminacion-para-jardines-y-exteriores\/apliques-para-exterior\/#breadcrumb","itemListElement":[{"@type":"ListItem","position":1,"name":"Portada","item":"https:\/\/ledsolintel.com\/fr\/"},{"@type":"ListItem","position":2,"name":"Iluminaci\u00f3n exterior","item":"https:\/\/ledsolintel.com\/fr\/product-category\/iluminacion-para-jardines-y-exteriores\/"},{"@type":"ListItem","position":3,"name":"Apliques para exterior"}]},{"@type":"WebSite","@id":"https:\/\/ledsolintel.com\/#website","url":"https:\/\/ledsolintel.com\/","name":"Webmenaje","description":"Magasin d'ampoules et de lampes LED pour les professionnels","publisher":{"@id":"https:\/\/ledsolintel.com\/#organization"},"potentialAction":[{"@type":"SearchAction","target":{"@type":"EntryPoint","urlTemplate":"https:\/\/ledsolintel.com\/?s={search_term_string}"},"query-input":{"@type":"PropertyValueSpecification","valueRequired":true,"valueName":"search_term_string"}}],"inLanguage":"fr-FR"},{"@type":"Organization","@id":"https:\/\/ledsolintel.com\/#organization","name":"Solintel Noroeste, S.L.","url":"https:\/\/ledsolintel.com\/","logo":{"@type":"ImageObject","inLanguage":"fr-FR","@id":"https:\/\/ledsolintel.com\/#\/schema\/logo\/image\/","url":"https:\/\/ledsolintel.com\/wp-content\/uploads\/2024\/11\/webmenaje-logo-1508269066.jpg","contentUrl":"https:\/\/ledsolintel.com\/wp-content\/uploads\/2024\/11\/webmenaje-logo-1508269066.jpg","width":370,"height":90,"caption":"Solintel Noroeste, S.L."},"image":{"@id":"https:\/\/ledsolintel.com\/#\/schema\/logo\/image\/"},"sameAs":["http:\/\/www.facebook.com\/webmenaje","https:\/\/x.com\/webmenaje","https:\/\/www.youtube.com\/channel\/UCX2KoVoeCG4LocZjUc6LmSQ","http:\/\/www.pinterest.com\/webmenaje"]}]}},"_links":{"self":[{"href":"https:\/\/ledsolintel.com\/fr\/wp-json\/wp\/v2\/product_cat\/99603","targetHints":{"allow":["GET"]}}],"collection":[{"href":"https:\/\/ledsolintel.com\/fr\/wp-json\/wp\/v2\/product_cat"}],"about":[{"href":"https:\/\/ledsolintel.com\/fr\/wp-json\/wp\/v2\/taxonomies\/product_cat"}],"up":[{"embeddable":true,"href":"https:\/\/ledsolintel.com\/fr\/wp-json\/wp\/v2\/product_cat\/99575"}],"wp:post_type":[{"href":"https:\/\/ledsolintel.com\/fr\/wp-json\/wp\/v2\/product?product_cat=99603"}],"curies":[{"name":"wp","href":"https:\/\/api.w.org\/{rel}","templated":true}]}}